{"id":105,"date":"2017-05-30T23:33:18","date_gmt":"2017-05-30T23:33:18","guid":{"rendered":"http:\/\/www.70latki.pl\/?p=105"},"modified":"2017-11-01T21:09:19","modified_gmt":"2017-11-01T21:09:19","slug":"dlaczego","status":"publish","type":"post","link":"https:\/\/www.70latki.pl\/?p=105","title":{"rendered":"<!-- Global site tag (gtag.js) - Google Analytics --> <script async src=\"https:\/\/www.googletagmanager.com\/gtag\/js?id=UA-98761141-2\"><\/script> <script>   window.dataLayer = window.dataLayer || [];   function gtag(){dataLayer.push(arguments);}   gtag('js', new Date());    gtag('config', 'UA-98761141-2'); <\/script>Dlaczego?"},"content":{"rendered":"<p><code><!-- Global Site Tag (gtag.js) - Google Analytics --><br \/>\n<script async src=\"https:\/\/www.googletagmanager.com\/gtag\/js?id=UA-98761141-2\"><\/script><br \/>\n<script>\n  window.dataLayer = window.dataLayer || [];\n  function gtag(){dataLayer.push(arguments);}\n  gtag('js', new Date());<\/p>\n<p>  gtag('config', 'UA-98761141-2');\n<\/script><\/p>\n<style type=\"text\/css\">\n\t<!-- @page { size: 21cm 29.7cm; margin: 2cm } P { margin-bottom: 0.21cm } --><br \/>\t<\/style>\n<p align=\"CENTER\">Je\u015bli dasz mi sze\u015b\u0107 wierszy napisanych przez najuczciwszego cz\u0142owieka,<\/p>\n<p align=\"CENTER\">znajd\u0119 do\u015b\u0107, by go powiesi\u0107.<\/p>\n<p align=\"LEFT\"><span style=\"font-size: small;\">\u00a0\u00a0\u00a0\u00a0\u00a0\u00a0\u00a0\u00a0\u00a0\u00a0\u00a0\u00a0\u00a0\u00a0\u00a0\u00a0\u00a0\u00a0\u00a0\u00a0\u00a0\u00a0\u00a0\u00a0\u00a0\u00a0\u00a0\u00a0\u00a0\u00a0\u00a0\u00a0\u00a0\u00a0\u00a0\u00a0\u00a0\u00a0\u00a0\u00a0\u00a0\u00a0\u00a0\u00a0\u00a0\u00a0\u00a0\u00a0\u00a0\u00a0\u00a0\u00a0\u00a0\u00a0\u00a0\u00a0\u00a0\u00a0\u00a0\u00a0\u00a0\u00a0\u00a0\u00a0\u00a0\u00a0\u00a0\u00a0\u00a0\u00a0\u00a0\u00a0\u00a0\u00a0\u00a0\u00a0\u00a0\u00a0\u00a0\u00a0\u00a0\u00a0\u00a0\u00a0\u00a0\u00a0\u00a0\u00a0\u00a0\u00a0\u00a0\u00a0\u00a0\u00a0\u00a0\u00a0\u00a0\u00a0\u00a0\u00a0\u00a0\u00a0\u00a0\u00a0\u00a0\u00a0\u00a0\u00a0\u00a0\u00a0\u00a0\u00a0\u00a0\u00a0\u00a0\u00a0\u00a0\u00a0\u00a0\u00a0\u00a0\u00a0\u00a0\u00a0\u00a0\u00a0\u00a0\u00a0\u00a0\u00a0\u00a0\u00a0\u00a0\u00a0\u00a0\u00a0\u00a0\u00a0\u00a0\u00a0\u00a0\u00a0\u00a0\u00a0\u00a0\u00a0\u00a0\u00a0\u00a0\u00a0\u00a0 Kardyna\u0142 Richelieu<\/span><\/p>\n<div id=\"attachment_101\" style=\"width: 310px\" class=\"wp-caption aligncenter\"><a href=\"http:\/\/www.70latki.pl\/wp-content\/uploads\/2017\/05\/Zainteresowanie.jpg\"><img loading=\"lazy\" decoding=\"async\" aria-describedby=\"caption-attachment-101\" class=\"size-medium wp-image-101\" src=\"http:\/\/www.70latki.pl\/wp-content\/uploads\/2017\/05\/Zainteresowanie-300x150.jpg\" alt=\"\" width=\"300\" height=\"150\" srcset=\"https:\/\/www.70latki.pl\/wp-content\/uploads\/2017\/05\/Zainteresowanie-300x150.jpg 300w, https:\/\/www.70latki.pl\/wp-content\/uploads\/2017\/05\/Zainteresowanie-768x384.jpg 768w, https:\/\/www.70latki.pl\/wp-content\/uploads\/2017\/05\/Zainteresowanie-1024x512.jpg 1024w, https:\/\/www.70latki.pl\/wp-content\/uploads\/2017\/05\/Zainteresowanie-700x350.jpg 700w, https:\/\/www.70latki.pl\/wp-content\/uploads\/2017\/05\/Zainteresowanie.jpg 1700w\" sizes=\"auto, (max-width: 300px) 100vw, 300px\" \/><\/a><p id=\"caption-attachment-101\" class=\"wp-caption-text\">Zainteresowanie \u00a0\u00a0\u00a0\u00a0\u00a0\u00a0\u00a0\u00a0\u00a0\u00a0\u00a0\u00a0\u00a0\u00a0 Brak zainteresowania\u00a0 \u00a0 FOT. EWA BRODZIAK<\/p><\/div>\n<p>A ja napisa\u0142am ju\u017c wielokrotno\u015b\u0107 sze\u015bciu wierszy. Dlaczego?<\/p>\n<p>&nbsp;<\/p>\n<p>\u201eDlaczego\u201d - zaimek pytaj\u0105cego o przyczyn\u0119 lub cel jakiej\u015b czynno\u015bci . Synonimem jest \u201eczemu\u201d, rzadko u\u017cywany w mowie potocznej, za to ukochany przez poet\u00f3w. \u201eDlaczego\u201d towarzyszy nam od wczesnego dzieci\u0144stwa a motorem zadawania pyta\u0144 jest ch\u0119\u0107 poznania \u015bwiata. Z wiekiem intensywno\u015b\u0107 pyta\u0144 \u201edlaczego\u201d maleje, zmieniaj\u0105 si\u0119 adresaci \u2013 ju\u017c nie Mama czy Ojciec. W \u017cyciu dojrza\u0142ym zadajemy je du\u017co rzadziej i raczej po to, \u017ceby przyprze\u0107 kogo\u015b do muru, \u017ceby mie\u0107 pow\u00f3d do nagany, \u017ceby odkry\u0107 pow\u00f3d w\u0142asnych niepowodze\u0144... I ju\u017c tylko naukowcy zastanawiaj\u0105 si\u0119 \u201edlaczego\u201d w sensie poznania.<\/p>\n<p>&nbsp;<\/p>\n<p>Dlaczego pisz\u0119? - Bo lubi\u0119, a w po\u0142\u0105czeniu z blogiem, wymagaj\u0105cym jednak formy zwi\u0119z\u0142ej i nie za d\u0142ugiej, pisanie jest kunsztem. Trafno\u015b\u0107, precyzja, dob\u00f3r s\u0142\u00f3w jest wyzwaniem. Przy tym w minimalizmie formy nie powinno si\u0119 zatraci\u0107 tre\u015bci. A tre\u015b\u0107? Dzi\u015b na pewno wiem, jaka nie ma by\u0107.... Tekst nie ma by\u0107 mentorski, lamentuj\u0105cy, gderliwy, je\u015bli refleksyjny to po to, \u017ceby przezwyci\u0119\u017cy\u0107 momenty bezsilno\u015bci i zw\u0105tpienia. Nie ob\u0119dzie si\u0119 bez osobistych wspomnie\u0144, przemy\u015ble\u0144 czy komentarzy. Z pewno\u015bci\u0105 b\u0119d\u0105 zawirowania, ale mam nadziej\u0119, \u017ce szybko wypracuj\u0119 w\u0142asny styl.<\/p>\n<p>&nbsp;<\/p>\n<p>Dlaczego blog? - Po pierwsze, bo pisz\u0105c bloga nie mam szefa; ale te\u017c sama ponosz\u0119 odpowiedzialno\u015b\u0107 i za tre\u015b\u0107, i za form\u0105. Poza tym blog jest aktywnym instrumentem komunikowania si\u0119, niezale\u017cnie od miejsca i czasu, na tematy, kt\u00f3re przynosi \u017cycie.<\/p>\n<p>&nbsp;<\/p>\n<p>Dlaczego 70latki? - Uwa\u017cam t\u0119 dekad\u0119 za najwa\u017cniejsz\u0105 w \u017cyciu, z rozmys\u0142em nie u\u017cy\u0142am s\u0142owa najtrudniejsz\u0105. Co nie znaczy, \u017ce jest \u0142atw\u0105. To w\u0142a\u015bnie w tej dekadzie, cho\u0107 zgadzam si\u0119, \u017ce s\u0105 to procesy osobnicze, u\u015bwiadamiamy sobie ograniczenia swych si\u0142 i mo\u017cliwo\u015bci. W stopniu, w jakim nie dzieje si\u0119 to w \u017cadnym innym okresie \u017cycia, zmienia si\u0119 postawa zar\u00f3wno wobec w\u0142asnego istnienia, jak i \u015bwiata. Nast\u0119puje przemiana osobowo\u015bci, charakteru, w dojrza\u0142y lub spaczony. Fascynuj\u0105ce!<\/p>\n<p>&nbsp;<\/p>\n<p>Dlaczego dla kobiet? - Tu odpowied\u017a kr\u00f3tka i zwi\u0119z\u0142a, bo jestem kobiet\u0105 i znam kobiety od wewn\u0105trz. M\u0119\u017cczyzn znam tylko z widzenia. Ale zapraszam.<\/p>\n<p>&nbsp;<\/p>\n<p>Czy zadaj\u0119 sobie samej pytania \u201eDlaczego\u201d? No dobrze, zdradz\u0119 wam moje najg\u0142\u0119biej ukryte: dlaczego wiem tak ma\u0142o?<\/p>\n<p>&nbsp;<\/p>\n<p><span style=\"color: #000000;\">Dlaczego? Pytanie, na kt\u00f3re, o ile nie jest ono retoryczne oczekujemy odpowiedzi. Czy potrafimy s\u0142ucha\u0107, skupi\u0107 si\u0119 na rozm\u00f3wcy, \u015bledzi\u0107 jego wypowied\u017a, rozumie\u0107 argumentacj\u0119, dopuszcza\u0107 do siebie jego pogl\u0105dy? Bez nara\u017cenia si\u0119 na \u201ety mnie wcale nie s\u0142uchasz\u201d! To nasze oczy zdradzaj\u0105 rozm\u00f3wcy stopie\u0144 zainteresowania. Od kontaktu wzrokowego zale\u017cy podtrzymanie b\u0105d\u017a zerwanie rozmowy, ba nierzadko awantura wi\u0119kszych rozmiar\u00f3w.<\/span><\/p>\n<p>&nbsp;<\/p>\n<p>Jakie jest twoje najbardziej intryguj\u0105ce \u201eDlaczego\u201d?<\/p>\n<p>&nbsp;<\/p>\n<p>Izabella<\/p>\n","protected":false},"excerpt":{"rendered":"<p>Je\u015bli dasz mi sze\u015b\u0107 wierszy napisanych przez najuczciwszego cz\u0142owieka, znajd\u0119 do\u015b\u0107, by go powiesi\u0107. \u00a0\u00a0\u00a0\u00a0\u00a0\u00a0\u00a0\u00a0\u00a0\u00a0\u00a0\u00a0\u00a0\u00a0\u00a0\u00a0\u00a0\u00a0\u00a0\u00a0\u00a0\u00a0\u00a0\u00a0\u00a0\u00a0\u00a0\u00a0\u00a0\u00a0\u00a0\u00a0\u00a0\u00a0\u00a0\u00a0\u00a0\u00a0\u00a0\u00a0\u00a0\u00a0\u00a0\u00a0\u00a0\u00a0\u00a0\u00a0\u00a0\u00a0\u00a0\u00a0\u00a0\u00a0\u00a0\u00a0\u00a0\u00a0\u00a0\u00a0\u00a0\u00a0\u00a0\u00a0\u00a0\u00a0\u00a0\u00a0\u00a0\u00a0\u00a0\u00a0\u00a0\u00a0\u00a0\u00a0\u00a0\u00a0\u00a0\u00a0\u00a0\u00a0\u00a0\u00a0\u00a0\u00a0\u00a0\u00a0\u00a0\u00a0\u00a0\u00a0\u00a0\u00a0\u00a0\u00a0\u00a0\u00a0\u00a0\u00a0\u00a0\u00a0\u00a0\u00a0\u00a0\u00a0\u00a0\u00a0\u00a0\u00a0\u00a0\u00a0\u00a0\u00a0\u00a0\u00a0\u00a0\u00a0\u00a0\u00a0\u00a0\u00a0\u00a0\u00a0\u00a0\u00a0\u00a0\u00a0\u00a0\u00a0\u00a0\u00a0\u00a0\u00a0\u00a0\u00a0\u00a0\u00a0\u00a0\u00a0\u00a0\u00a0\u00a0\u00a0\u00a0\u00a0\u00a0\u00a0\u00a0\u00a0\u00a0 Kardyna\u0142 Richelieu A ja napisa\u0142am ju\u017c wielokrotno\u015b\u0107 sze\u015bciu wierszy. Dlaczego? &nbsp; \u201eDlaczego\u201d &#8211; zaimek pytaj\u0105cego o przyczyn\u0119 lub cel jakiej\u015b czynno\u015bci . Synonimem jest \u201eczemu\u201d, rzadko u\u017cywany w mowie potocznej, za to ukochany przez poet\u00f3w. \u201eDlaczego\u201d towarzyszy nam od wczesnego [&hellip;]<\/p>\n","protected":false},"author":2,"featured_media":0,"comment_status":"open","ping_status":"open","sticky":false,"template":"","format":"standard","meta":{"footnotes":""},"categories":[5,6,12,4],"tags":[11,9,8,10],"class_list":["post-105","post","type-post","status-publish","format-standard","hentry","category-70latki","category-dla-kobiet","category-moda","category-pisze","tag-dlaczego","tag-oczy-zdradzaja-mowcy-stopien-zainteresowania","tag-richelieu","tag-zachowania"],"_links":{"self":[{"href":"https:\/\/www.70latki.pl\/index.php?rest_route=\/wp\/v2\/posts\/105","targetHints":{"allow":["GET"]}}],"collection":[{"href":"https:\/\/www.70latki.pl\/index.php?rest_route=\/wp\/v2\/posts"}],"about":[{"href":"https:\/\/www.70latki.pl\/index.php?rest_route=\/wp\/v2\/types\/post"}],"author":[{"embeddable":true,"href":"https:\/\/www.70latki.pl\/index.php?rest_route=\/wp\/v2\/users\/2"}],"replies":[{"embeddable":true,"href":"https:\/\/www.70latki.pl\/index.php?rest_route=%2Fwp%2Fv2%2Fcomments&post=105"}],"version-history":[{"count":10,"href":"https:\/\/www.70latki.pl\/index.php?rest_route=\/wp\/v2\/posts\/105\/revisions"}],"predecessor-version":[{"id":320,"href":"https:\/\/www.70latki.pl\/index.php?rest_route=\/wp\/v2\/posts\/105\/revisions\/320"}],"wp:attachment":[{"href":"https:\/\/www.70latki.pl\/index.php?rest_route=%2Fwp%2Fv2%2Fmedia&parent=105"}],"wp:term":[{"taxonomy":"category","embeddable":true,"href":"https:\/\/www.70latki.pl\/index.php?rest_route=%2Fwp%2Fv2%2Fcategories&post=105"},{"taxonomy":"post_tag","embeddable":true,"href":"https:\/\/www.70latki.pl\/index.php?rest_route=%2Fwp%2Fv2%2Ftags&post=105"}],"curies":[{"name":"wp","href":"https:\/\/api.w.org\/{rel}","templated":true}]}}