{"id":120,"date":"2017-06-06T18:10:44","date_gmt":"2017-06-06T18:10:44","guid":{"rendered":"http:\/\/www.70latki.pl\/?p=120"},"modified":"2017-11-01T21:10:26","modified_gmt":"2017-11-01T21:10:26","slug":"szkapa-pociagowa","status":"publish","type":"post","link":"https:\/\/www.70latki.pl\/?p=120","title":{"rendered":"<!-- Global site tag (gtag.js) - Google Analytics --> <script async src=\"https:\/\/www.googletagmanager.com\/gtag\/js?id=UA-98761141-2\"><\/script> <script>   window.dataLayer = window.dataLayer || [];   function gtag(){dataLayer.push(arguments);}   gtag('js', new Date());    gtag('config', 'UA-98761141-2'); <\/script>Szkapa poci\u0105gowa"},"content":{"rendered":"<div id=\"attachment_121\" style=\"width: 310px\" class=\"wp-caption aligncenter\"><a href=\"http:\/\/www.70latki.pl\/wp-content\/uploads\/2017\/06\/Walizka.jpg\"><img loading=\"lazy\" decoding=\"async\" aria-describedby=\"caption-attachment-121\" class=\"size-medium wp-image-121\" src=\"http:\/\/www.70latki.pl\/wp-content\/uploads\/2017\/06\/Walizka-300x212.jpg\" alt=\"\" width=\"300\" height=\"212\" srcset=\"https:\/\/www.70latki.pl\/wp-content\/uploads\/2017\/06\/Walizka-300x212.jpg 300w, https:\/\/www.70latki.pl\/wp-content\/uploads\/2017\/06\/Walizka-768x542.jpg 768w, https:\/\/www.70latki.pl\/wp-content\/uploads\/2017\/06\/Walizka-1024x723.jpg 1024w, https:\/\/www.70latki.pl\/wp-content\/uploads\/2017\/06\/Walizka-700x494.jpg 700w\" sizes=\"auto, (max-width: 300px) 100vw, 300px\" \/><\/a><p id=\"caption-attachment-121\" class=\"wp-caption-text\">Szkapa poci\u0105gowa czy energiczna podr\u00f3\u017cniczka?<br \/>FOT. EWA BRODZIAK<\/p><\/div>\n<p>&nbsp;<\/p>\n<p>Jestem \u015bwiadkiem epoki, kiedy po peronach dworc\u00f3w uwijali si\u0119 baga\u017cowi. Zazwyczaj wi\u0105za\u0142o si\u0119 to z przyjazdem wujostwa z Warszawy. Okazja, dla kt\u00f3rej ca\u0142a rodzina wychodzi\u0142a na dworzec, nie bez powodu.<\/p>\n<p>Gdy poci\u0105g wje\u017cd\u017ca\u0142 zaczynali\u015bmy niecierpliwie przemieszcza\u0107 si\u0119 po peronie w poszukiwaniu wagonu pierwszej klasy. Peron niski a wagon wysoki, wi\u0119c ciocia, malutka okr\u0105glutka, skaka\u0142a z ostatniego stopnia, a naszym zadaniem by\u0142o j\u0105 \u0142apa\u0107. Ledwie znalaz\u0142a si\u0119 na ziemi niecierpliwa zaczyna\u0142a popiskiwa\u0107 \u201eOjej, nie ma baga\u017cowego\u201d. Tymczasem wujek, postawny, jeszcze stoj\u0105c na najwy\u017cszym stopniu dono\u015bne wo\u0142a\u0142: \u201eBaga\u017cowy!\u201d Podbiega\u0142 m\u0119\u017cczyzna w czarnym uniformie, w czapce z otokiem, na kt\u00f3rej by\u0142 numer \u2013 jego, baga\u017cowego. Mia\u0142 ze sob\u0105 jakiego\u015b rodzaju w\u00f3zek, wskakiwa\u0142 do wagonu i wyci\u0105ga\u0142 z jego czelu\u015bci zawsze liczne baga\u017ce wujostwa (by\u0142y w\u015br\u00f3d nich r\u00f3wnie\u017c prezenty dla dzieciarni). Ca\u0142a procesja udawa\u0142a si\u0119 do doro\u017cki, a p\u00f3\u017aniejszych latach do\u00a0 taks\u00f3wki. Wsiada\u0142 kto si\u0119 zmie\u015bci\u0142, reszta rodziny wraca\u0142a do domu z poczuciem dobrze spe\u0142nionego obowi\u0105zku.<\/p>\n<p>I jeszcze jedno wspomnienie, dla matki mojej przyjaci\u00f3\u0142ki podr\u00f3\u017cuj\u0105cej przed wojn\u0105 cz\u0119sto i na du\u017cych odleg\u0142o\u015bciach miar\u0105 ub\u00f3stwa by\u0142 fakt, \u017ce cz\u0142owieka nie sta\u0107 by\u0142o na baga\u017cowego.<\/p>\n<p>Tymczasem zaw\u00f3d baga\u017cowego przeszed\u0142 do historii, ka\u017cdy jest swoim w\u0142asnym baga\u017cowym. Nie wyobra\u017camy sobie dzi\u015b podr\u00f3\u017cy bez walizki (torby) na k\u00f3\u0142kach. Ba, czasy zmieni\u0142y si\u0119 jeszcze bardziej, dzi\u015b w poci\u0105gu \u017caden m\u0142ody m\u0119\u017cczyzna nie spieszy w sukurs z wtaszczeniem walizki na p\u00f3\u0142k\u0119, a nierzadko poproszony o pomoc odpowiada, \u017ce ma co\u015b tam z kr\u0119gos\u0142upem. Wyci\u0105gn\u0119\u0142am wnioski. Zakupi\u0142am najmniejsz\u0105 i najl\u017cejsz\u0105 walizk\u0119 do prowadzenia obok siebie na czterech k\u00f3\u0142kach. Napakowana nie ma prawa wa\u017cy\u0107 wi\u0119cej ni\u017c 8 kg, waga z jednej strony dopuszczalna na niekt\u00f3rych liniach lotniczych jako baga\u017c kabinowy, z drugiej dostosowana do moich si\u0142 i mo\u017cliwo\u015bci. Przyznaj\u0119, spakowanie si\u0119 nie jest \u0142atwe, ale mo\u017cliwe.<\/p>\n<p><span style=\"color: #000000;\">Jeszcze te cztery k\u00f3\u0142ka. Ot\u00f3\u017c nie cierpi\u0119 walizek ci\u0105gnionych na dw\u00f3ch k\u00f3\u0142kach \u201ep\u00f3\u0142 kilometra\u201d za sob\u0105. Dziesi\u0105tki razy potkn\u0119\u0142am si\u0119 o tak\u0105 walizk\u0119 na dworcach i lotniskach, raz przewr\u00f3ci\u0142am. Spiesz\u0105c si\u0119 i lawiruj\u0105c w t\u0142umie po prostu nie patrzy si\u0119 pod nogi. Prosz\u0119 was, kupujcie walizki prowadzone przy sobie, zajmuj\u0105 du\u017co mniejsz\u0105 przestrze\u0144, nie przeszkadzaj\u0105 wsp\u00f3\u0142podr\u00f3\u017cnym, a poza tym, czy\u017c nie wygl\u0105da si\u0119 du\u017co bardziej dynamicznie (m\u0142odziej) z tak\u0105 walizk\u0105? W odr\u00f3\u017cnieniu od wizerunku szkapy poci\u0105gowej.<\/span><\/p>\n<p>&nbsp;<\/p>\n<p>Kiedy ko\u0144czy si\u0119 uprzejmo\u015b\u0107?<\/p>\n<p>&nbsp;<\/p>\n<p>Izabella<\/p>\n","protected":false},"excerpt":{"rendered":"<p>&nbsp; Jestem \u015bwiadkiem epoki, kiedy po peronach dworc\u00f3w uwijali si\u0119 baga\u017cowi. Zazwyczaj wi\u0105za\u0142o si\u0119 to z przyjazdem wujostwa z Warszawy. Okazja, dla kt\u00f3rej ca\u0142a rodzina wychodzi\u0142a na dworzec, nie bez powodu. Gdy poci\u0105g wje\u017cd\u017ca\u0142 zaczynali\u015bmy niecierpliwie przemieszcza\u0107 si\u0119 po peronie w poszukiwaniu wagonu pierwszej klasy. Peron niski a wagon wysoki, wi\u0119c ciocia, malutka okr\u0105glutka, skaka\u0142a [&hellip;]<\/p>\n","protected":false},"author":2,"featured_media":0,"comment_status":"open","ping_status":"open","sticky":false,"template":"","format":"standard","meta":{"footnotes":""},"categories":[5,6,12,4],"tags":[17,19,18],"class_list":["post-120","post","type-post","status-publish","format-standard","hentry","category-70latki","category-dla-kobiet","category-moda","category-pisze","tag-bagaz","tag-uprzejmosc","tag-walizka"],"_links":{"self":[{"href":"https:\/\/www.70latki.pl\/index.php?rest_route=\/wp\/v2\/posts\/120","targetHints":{"allow":["GET"]}}],"collection":[{"href":"https:\/\/www.70latki.pl\/index.php?rest_route=\/wp\/v2\/posts"}],"about":[{"href":"https:\/\/www.70latki.pl\/index.php?rest_route=\/wp\/v2\/types\/post"}],"author":[{"embeddable":true,"href":"https:\/\/www.70latki.pl\/index.php?rest_route=\/wp\/v2\/users\/2"}],"replies":[{"embeddable":true,"href":"https:\/\/www.70latki.pl\/index.php?rest_route=%2Fwp%2Fv2%2Fcomments&post=120"}],"version-history":[{"count":12,"href":"https:\/\/www.70latki.pl\/index.php?rest_route=\/wp\/v2\/posts\/120\/revisions"}],"predecessor-version":[{"id":322,"href":"https:\/\/www.70latki.pl\/index.php?rest_route=\/wp\/v2\/posts\/120\/revisions\/322"}],"wp:attachment":[{"href":"https:\/\/www.70latki.pl\/index.php?rest_route=%2Fwp%2Fv2%2Fmedia&parent=120"}],"wp:term":[{"taxonomy":"category","embeddable":true,"href":"https:\/\/www.70latki.pl\/index.php?rest_route=%2Fwp%2Fv2%2Fcategories&post=120"},{"taxonomy":"post_tag","embeddable":true,"href":"https:\/\/www.70latki.pl\/index.php?rest_route=%2Fwp%2Fv2%2Ftags&post=120"}],"curies":[{"name":"wp","href":"https:\/\/api.w.org\/{rel}","templated":true}]}}