{"id":148,"date":"2017-06-16T00:24:41","date_gmt":"2017-06-16T00:24:41","guid":{"rendered":"http:\/\/www.70latki.pl\/?p=148"},"modified":"2017-11-01T21:11:09","modified_gmt":"2017-11-01T21:11:09","slug":"styl-a-wiek","status":"publish","type":"post","link":"https:\/\/www.70latki.pl\/?p=148","title":{"rendered":"<!-- Global site tag (gtag.js) - Google Analytics --> <script async src=\"https:\/\/www.googletagmanager.com\/gtag\/js?id=UA-98761141-2\"><\/script> <script>   window.dataLayer = window.dataLayer || [];   function gtag(){dataLayer.push(arguments);}   gtag('js', new Date());    gtag('config', 'UA-98761141-2'); <\/script>Styl a wiek"},"content":{"rendered":"<div id=\"attachment_149\" style=\"width: 210px\" class=\"wp-caption aligncenter\"><a href=\"http:\/\/www.70latki.pl\/wp-content\/uploads\/2017\/06\/IMG_8851.jpg\"><img loading=\"lazy\" decoding=\"async\" aria-describedby=\"caption-attachment-149\" class=\"size-medium wp-image-149\" src=\"http:\/\/www.70latki.pl\/wp-content\/uploads\/2017\/06\/IMG_8851-200x300.jpg\" alt=\"\" width=\"200\" height=\"300\" srcset=\"https:\/\/www.70latki.pl\/wp-content\/uploads\/2017\/06\/IMG_8851-200x300.jpg 200w, https:\/\/www.70latki.pl\/wp-content\/uploads\/2017\/06\/IMG_8851-768x1152.jpg 768w, https:\/\/www.70latki.pl\/wp-content\/uploads\/2017\/06\/IMG_8851-683x1024.jpg 683w, https:\/\/www.70latki.pl\/wp-content\/uploads\/2017\/06\/IMG_8851-666x999.jpg 666w\" sizes=\"auto, (max-width: 200px) 100vw, 200px\" \/><\/a><p id=\"caption-attachment-149\" class=\"wp-caption-text\">FOT. EWA BRODZIAK<\/p><\/div>\n<p>Kiedy marka JOSZ by Jola Szala og\u0142osi\u0142a na Facebook&#8217;u konkurs pod has\u0142em: &#8222;Posiadanie w\u0142asnego stylu, czy modne ubrania, co bardziej charakteryzuje wsp\u00f3\u0142czesn\u0105 kobiet\u0119 i wsp\u00f3\u0142czesnego m\u0119\u017cczyzn\u0119?&#8221; pomy\u015bla\u0142am, \u017ce pytaniem obj\u0119ta jest populacja osobnik\u00f3w od 20-go do 70-go++ roku \u017cycia? (No bo w jakim wieku jest kobieta wsp\u00f3\u0142czesna?) Czy jest ono w ka\u017cdej fazie \u017cycia tak samo istotne?<\/p>\n<p>Jak to by\u0142o ze mn\u0105? Niew\u0105tpliwie jako nastolatka marzy\u0142o mi si\u0119 by\u0107 modn\u0105, ale&#8230; Modne by\u0142y kr\u00f3tkie w\u0142osy wysoko tapirowane, nie dla mnie, bo do 21 roku \u017cycia nosi\u0142am warkocz, kt\u00f3rego nie wolno mi by\u0142o \u015bci\u0105\u0107. Modne by\u0142y \u201edjuki\u201d (bawe\u0142niane, kimonowe bluzeczki z golfem), moherowe szaliki, czy ortalionowe p\u0142aszcze do kupienia wy\u0142\u0105cznie w komisach lub na ciuchach, nie dla mnie, bo kosztowa\u0142y bajo\u0144skie sumy. Musia\u0142am akceptowa\u0107 sukienki przerabiane z ciocinych lub babcinych przez \u015bwietn\u0105 krawcow\u0105, kt\u00f3rej kolekcja \u017curnali ko\u0144czy\u0142a si\u0119 na latach trzydziestych. By\u0107 mo\u017ce to w\u0142a\u015bnie wtedy powsta\u0142y podwaliny mojego stylu.<\/p>\n<p>A skoro tak, to nasuwa si\u0119 pytanie, w jaki spos\u00f3b kszta\u0142tuje si\u0119 styl, czy jest podpowiedziany przez czynniki zewn\u0119trzne, czy te\u017c mo\u017ce jest on nasz\u0105 reakcj\u0105 na czynniki zewn\u0119trzne: akceptacj\u0105, rebeli\u0105? Czyli w jakim stopniu styl jest w\u0142asny? Jest w\u0142asny, je\u015bli jest to niemo\u017cliwa do podrobienia przez innych relacja mi\u0119dzy form\u0105 a tre\u015bci\u0105, mi\u0119dzy tym, jak si\u0119 pokazujemy, a tym, kim jeste\u015bmy. Natomiast je\u015bli traktujemy go jako metod\u0119 wyr\u00f3\u017cnienia si\u0119 w t\u0142umie, to jest on formowany przez t\u0142um. R\u00f3wnie\u017c wtedy, kiedy pr\u00f3bujemy upodobni\u0107 si\u0119 do t\u0142umu.<\/p>\n<p>A moda? Moda jest jednym, z instrument\u00f3w stylu, czasami najwa\u017cniejszym, czasami po\u015blednim. Mo\u017cna korzysta\u0107 z niej wybieraj\u0105c te rzeczy, kt\u00f3re s\u0105 w naszym stylu. Mo\u017cna sprzeniewierza\u0107 si\u0119 stylowi wybieraj\u0105c te rzeczy, kt\u00f3re s\u0105 modne. \u201eModa przemija, styl pozostaje\u201d &#8211; twierdzi\u0142a Coco Chanel. Pod warunkiem, \u017ce si\u0119 go ma. Czy mo\u017cna nie mie\u0107 stylu i czy z\u0142y styl to to samo co jego brak? Wrzuci\u0142am do google: \u201estyl\u201d wyszukiwanie obrazem. Przede wszystkim m\u0142ode kobiety (kilku m\u0142odych m\u0119\u017cczyzn), poza kilkoma w ekstrawaganckich stylizacjach du\u017co odcieni szaro\u015bci od bia\u0142ego do czarnego, du\u017co spodni, dlaczego wynios\u0142am wra\u017cenie, \u017ce ma\u0142o stylu? No w\u0142a\u015bnie, bo moda to tylko element, i cho\u0107 zdj\u0119cia nie maja g\u0142osu, to mowa cia\u0142a zdradza.<\/p>\n<p><a href=\"http:\/\/www.70latki.pl\/wp-content\/uploads\/2017\/06\/\u015awider-a.jpg\">\u00a0<\/a><\/p>\n<div id=\"attachment_150\" style=\"width: 210px\" class=\"wp-caption aligncenter\"><a href=\"http:\/\/www.70latki.pl\/wp-content\/uploads\/2017\/06\/\u015awider-a.jpg\"><img loading=\"lazy\" decoding=\"async\" aria-describedby=\"caption-attachment-150\" class=\"size-medium wp-image-150\" src=\"http:\/\/www.70latki.pl\/wp-content\/uploads\/2017\/06\/\u015awider-a-200x300.jpg\" alt=\"\" width=\"200\" height=\"300\" srcset=\"https:\/\/www.70latki.pl\/wp-content\/uploads\/2017\/06\/\u015awider-a-200x300.jpg 200w, https:\/\/www.70latki.pl\/wp-content\/uploads\/2017\/06\/\u015awider-a.jpg 487w\" sizes=\"auto, (max-width: 200px) 100vw, 200px\" \/><\/a><p id=\"caption-attachment-150\" class=\"wp-caption-text\">FOT. ANDRZEJ SIWIEC<\/p><\/div>\n<p><strong>Zdj\u0119cie czarno-bia\u0142e jest z lipca 1961 roku, upalna niedziela podczas sesji egzamin\u00f3w wst\u0119pnych, pojechali\u015bmy z ciociami i niewidocznymi na zdj\u0119ciu wujami do \u015awidra. Mam na sobie sukienk\u0119 z o\u015bmiu klin\u00f3w g\u00f3r\u0105 dopasowanych, rozszerzaj\u0105cych si\u0119 ku do\u0142owi ze wstawianymi o\u015bmioma godetami \u2013 idealn\u0105 do charlestona, modnego 40 lat wcze\u015bniej. Tym razem z nowego materia\u0142u, czerwonej kory, kt\u00f3r\u0105 w\u0142a\u015bnie rzucili do sklep\u00f3w. No i do tego warkocz. Zami\u0142owanie do rozszerzaj\u0105cych si\u0119 sukienek pozosta\u0142o (zdj\u0119cie kolorowe), warkocz zmieni\u0142 si\u0119 w kr\u00f3tkie fryzury.<\/strong><\/p>\n<p>Czy istnieje imperatyw dostosowania stylu do wieku?<\/p>\n<p>Izabella<\/p>\n","protected":false},"excerpt":{"rendered":"<p>Kiedy marka JOSZ by Jola Szala og\u0142osi\u0142a na Facebook&#8217;u konkurs pod has\u0142em: &#8222;Posiadanie w\u0142asnego stylu, czy modne ubrania, co bardziej charakteryzuje wsp\u00f3\u0142czesn\u0105 kobiet\u0119 i wsp\u00f3\u0142czesnego m\u0119\u017cczyzn\u0119?&#8221; pomy\u015bla\u0142am, \u017ce pytaniem obj\u0119ta jest populacja osobnik\u00f3w od 20-go do 70-go++ roku \u017cycia? (No bo w jakim wieku jest kobieta wsp\u00f3\u0142czesna?) Czy jest ono w ka\u017cdej fazie \u017cycia tak [&hellip;]<\/p>\n","protected":false},"author":2,"featured_media":0,"comment_status":"open","ping_status":"open","sticky":false,"template":"","format":"standard","meta":{"footnotes":""},"categories":[5,6,12,4],"tags":[27,28,25,26],"class_list":["post-148","post","type-post","status-publish","format-standard","hentry","category-70latki","category-dla-kobiet","category-moda","category-pisze","tag-bajonskie-sumy","tag-ekstrawagancja","tag-styl","tag-warkocz"],"_links":{"self":[{"href":"https:\/\/www.70latki.pl\/index.php?rest_route=\/wp\/v2\/posts\/148","targetHints":{"allow":["GET"]}}],"collection":[{"href":"https:\/\/www.70latki.pl\/index.php?rest_route=\/wp\/v2\/posts"}],"about":[{"href":"https:\/\/www.70latki.pl\/index.php?rest_route=\/wp\/v2\/types\/post"}],"author":[{"embeddable":true,"href":"https:\/\/www.70latki.pl\/index.php?rest_route=\/wp\/v2\/users\/2"}],"replies":[{"embeddable":true,"href":"https:\/\/www.70latki.pl\/index.php?rest_route=%2Fwp%2Fv2%2Fcomments&post=148"}],"version-history":[{"count":6,"href":"https:\/\/www.70latki.pl\/index.php?rest_route=\/wp\/v2\/posts\/148\/revisions"}],"predecessor-version":[{"id":1505,"href":"https:\/\/www.70latki.pl\/index.php?rest_route=\/wp\/v2\/posts\/148\/revisions\/1505"}],"wp:attachment":[{"href":"https:\/\/www.70latki.pl\/index.php?rest_route=%2Fwp%2Fv2%2Fmedia&parent=148"}],"wp:term":[{"taxonomy":"category","embeddable":true,"href":"https:\/\/www.70latki.pl\/index.php?rest_route=%2Fwp%2Fv2%2Fcategories&post=148"},{"taxonomy":"post_tag","embeddable":true,"href":"https:\/\/www.70latki.pl\/index.php?rest_route=%2Fwp%2Fv2%2Ftags&post=148"}],"curies":[{"name":"wp","href":"https:\/\/api.w.org\/{rel}","templated":true}]}}